{"id":359,"date":"2021-03-15T07:27:09","date_gmt":"2021-03-15T07:27:09","guid":{"rendered":"https:\/\/www.smtraductores.com\/fr-fr\/?p=359"},"modified":"2021-03-21T13:16:28","modified_gmt":"2021-03-21T13:16:28","slug":"fez-la-magique","status":"publish","type":"post","link":"https:\/\/www.smtraductores.com\/fr-fr\/2021\/03\/15\/fez-la-magique\/","title":{"rendered":"Fez la magique"},"content":{"rendered":"\n<p>Nous annoncions depuis longtemps d\u00e9j\u00e0 que nous allions incorporer des articles de nature touristique \u00e0 notre blog. Nous profitons du futur lancement de notre nouveau Web afin de d\u00e9dier ces quelques lignes \u00e0 Fez.<\/p>\n\n\n\n<p>Pourquoi Fez pour y f\u00eater le R\u00e9veillon ? Et pourquoi pas ? avions-nous pens\u00e9\u2026 quelle bonne id\u00e9e !<\/p>\n\n\n\n<p>Nous avions d\u00e9cid\u00e9 de r\u00e9server dans un Riad situ\u00e9 au sein de la M\u00e9dina, afin que notre exp\u00e9rience soit encore plus authentique. Apr\u00e8s avoir d\u00e9ambul\u00e9 sous la pluie, les portes du Riad Salam Fez s\u2019ouvrirent, un vrai palais des Mille et Une Nuits, et Salma nous re\u00e7ut, d\u00e9butant la traditionnelle c\u00e9r\u00e9monie du th\u00e9 de bienvenue.<\/p>\n\n\n\n<p>Les riads, tout comme les demeures andalouses, manquent de chauffage, dirons-nous\u2026 central. Mais \u00e0 tout moment, le personnel a t\u00e2ch\u00e9 de nous maintenir toujours au chaud.<\/p>\n\n\n\n<p>Fez va au-del\u00e0 de sa M\u00e9dina mais, \u00e9tant donn\u00e9 notre court s\u00e9jour, nous nous centrerons sur celle-ci, ses alentours et notre fabuleux Riad.<\/p>\n\n\n\n<p>Nous vous conseillons tout d\u2019abord de ne pas visiter la M\u00e9dina sans un guide certifi\u00e9, vous pourriez vous perdre et devenir la cible id\u00e9ale de faux guides qui vous laisseront au beau milieu de nulle part pour quelques dirhams.<\/p>\n\n\n\n<p>La M\u00e9dina est une ville en soi, dans laquelle on entre en passant sous un portail bleu et vert, les couleurs de Fez.<\/p>\n\n\n\n<p>Un puzzle, un labyrinthe compos\u00e9 de mille couleurs et odeurs, de boutiques et d\u2019\u00e9choppes de toute nature, de mosqu\u00e9es, de structures de tous les si\u00e8cles, aussi bien nouvelles que datant du XIV<sup>e<\/sup> si\u00e8cle.<\/p>\n\n\n\n<p>Les g\u00e2teaux distillent leur odeur de miel, les bistrots celle du caf\u00e9 et du th\u00e9, et cette essence faite de peau et d\u2019esp\u00e8ces qui \u00e9mane de la Tannerie Chouwara, visite obligatoire, construite au XI<sup>e<\/sup> si\u00e8cle, la plus c\u00e9l\u00e8bre et grande de la ville : une vague de couleurs de toutes nuances, avec vues sur la M\u00e9dina et la ville.<\/p>\n\n\n\n<p>Nous nous sommes assis sous des auvents gigantesques et nous avons go\u00fbt\u00e9 la viande de chameau pour la premi\u00e8re fois, un d\u00e9lice.<\/p>\n\n\n\n<p>La gastronomie marocaine est l\u2019une de nos pr\u00e9f\u00e9r\u00e9es, de par sa succulence et sa vari\u00e9t\u00e9 : couscous, tagines, taboul\u00e9, beaucoup de fruits et l\u00e9gumes, et ces petits g\u00e2teaux dont on ne peut pas abuser.<\/p>\n\n\n\n<p>Par ailleurs, la vie dans les riads est tranquille et fr\u00e9n\u00e9tique \u00e0 la fois, le n\u00f4tre fut un authentique oasis de paix au sein du brouhaha de la M\u00e9dina, jusqu\u2019\u00e0 ce que la grande nuit arriv\u00e2t.<\/p>\n\n\n\n<p>Ce jour-l\u00e0, nous souhaitions essayer le hammam et un bon massage d\u00e9contractant afin de d\u00e9buter l\u2019ann\u00e9e 2018 du bon pied. L\u2019exp\u00e9rience fut hallucinante, nous ne savions pas que le marc de caf\u00e9 s\u2019utilisait afin d\u2019exfolier la peau. Nos masseuses, tout simplement fabuleuse, quelles mains !<\/p>\n\n\n\n<p>Pendant ce temps, le Riad se pr\u00e9parait pour la grande soir\u00e9e. Les tables commenc\u00e8rent \u00e0 se d\u00e9ployer autour de la piscine, se v\u00eatir \u00e9l\u00e9gamment dans les salles \u00e0 manger, envahir le vestibule d\u2019entr\u00e9e.<\/p>\n\n\n\n<p>En une demi-heure, tous les convives de toutes nationalit\u00e9s s\u2019y assirent et des \u0153uvres d\u2019art gastronomiques apparurent, des groupes locaux animant cette ambiance.<\/p>\n\n\n\n<p>\u00c0 minuit, nous dev\u00eenmes tous fous, dansant et chantant tous ensemble, sans nous conna\u00eetre, avec joie\u2026 les marocains ont un grand sens de la f\u00eate \u00e0 Fez !<\/p>\n\n\n\n<p>Nous dev\u00eenmes amis du personnel de l\u2019h\u00f4tel avec qui nous maintenons toujours le contact, nous poursuiv\u00eemes notre propre f\u00eate en parlant de nos cultures, nos projets, en en levant nos verres d\u2019un excellent vin \u00ab&nbsp;gris&nbsp;\u00bb (tr\u00e8s recommandable).<\/p>\n\n\n\n<p>Tu nous manques beaucoup, Fez la Magique.<\/p>\n\n\n\n<p>Ci-apr\u00e8s, nous vous proposons un petit glossaire compos\u00e9 de termes et expressions typiques\u2026 sachez qu\u2019il nous co\u00fbta trois jours avant de pouvoir prononcer correctement \u00ab&nbsp;un caf\u00e9 au lait avec du sucre&nbsp;\u00bb.<\/p>\n\n\n\n<p><em>Sol, CEO de Sol Marzellier Traductores <sup>TM<\/sup>.<\/em><\/p>\n\n\n\n<p><em>Phrases de courtoisie<\/em><\/p>\n\n\n\n<figure class=\"wp-block-table\"><table><thead><tr><td><strong><em>Fran\u00e7ais<\/em><\/strong><\/td><td><strong><em>Arabe marocain<\/em><\/strong><\/td><\/tr><\/thead><tbody><tr><td><em>\u00c0 tout \u00e0 l\u2019heure<\/em><\/td><td><em>Ila al-liqa<\/em><\/td><\/tr><tr><td><em>Aurevoir<\/em><\/td><td><em>Baslama<\/em><\/td><\/tr><tr><td><em>Bonjour<\/em><\/td><td><em>Sabah al-jer<\/em><\/td><\/tr><tr><td><em>Bon apr\u00e8s-midi<\/em><\/td><td><em>Masa al-jer<\/em><\/td><\/tr><tr><td><em>Bonne nuit<\/em><\/td><td><em>Layla saida \/ Tesbah ala jer<\/em><\/td><\/tr><tr><td><em>Merci<\/em><\/td><td><em>Shukran<\/em><\/td><\/tr><tr><td><em>De rien<\/em><\/td><td><em>La shukran<\/em><\/td><\/tr><tr><td><em>Pardon<\/em><\/td><td><em>Esmahli<\/em><\/td><\/tr><tr><td><em>S\u2019il vous pla\u00eet<\/em><\/td><td><em>Min fadlilk<\/em><\/td><\/tr><tr><td><em>Bonne chance<\/em><\/td><td><em>Bettawfeeq<\/em><\/td><\/tr><\/tbody><\/table><\/figure>\n\n\n\n<p><em>Salutations<\/em><\/p>\n\n\n\n<p><em>Il existe plusieurs mani\u00e8res de dire&nbsp;<strong>\u00ab&nbsp;bonjour&nbsp;\u00bb en arabe marocain<\/strong>, certaines requi\u00e8rent la m\u00eame r\u00e9ponse de celui \u00e0 qui la salutation s\u2019adresse et d\u2019autres requi\u00e8rent une r\u00e9ponse diff\u00e9rente. Nous vous indiquons ci-apr\u00e8s les plus habituelles :<\/em><\/p>\n\n\n\n<figure class=\"wp-block-table\"><table><thead><tr><td><strong><em>Fran\u00e7ais<\/em><\/strong><\/td><td><strong><em>Arabe marocain<\/em><\/strong><\/td><\/tr><\/thead><tbody><tr><td><em>Bonjour<\/em><\/td><td><em>Ahlam<\/em><\/td><\/tr><tr><td><\/td><\/tr><tr><td><em>La paix soit avec vous<\/em><\/td><td><em>Al-Salam Alikum<\/em><\/td><\/tr><tr><td><em>Et la paix avec vous (en r\u00e9ponse \u00e0 la question pr\u00e9c\u00e9dente)<\/em><\/td><td><em>Wa-Aleikum as-Salam<\/em><\/td><\/tr><tr><td><\/td><\/tr><tr><td><em>Comment vas-tu ?<\/em><\/td><td><em>Kif nta? (homme)<br>Kif nti? (femme)<\/em><\/td><\/tr><tr><td><em>Bien, merci (en r\u00e9ponse \u00e0 la question pr\u00e9c\u00e9dente)<\/em><\/td><td><em>Bi-jair, shukran<\/em><\/td><\/tr><tr><td><em>Dieu merci (en r\u00e9ponse \u00e0 la question pr\u00e9c\u00e9dente)<\/em><\/td><td><em>Al Hamdu lillah<\/em><\/td><\/tr><\/tbody><\/table><\/figure>\n\n\n\n<p><em>Mots dont l\u2019utilisation est tr\u00e8s fr\u00e9quente<\/em><\/p>\n\n\n\n<figure class=\"wp-block-table\"><table><thead><tr><td><strong><em>Fran\u00e7ais<\/em><\/strong><\/td><td><strong><em>Arabe marocain<\/em><\/strong><\/td><\/tr><\/thead><tbody><tr><td><em>Oui<\/em><\/td><td><em>Na&rsquo;am<\/em><\/td><\/tr><tr><td><em>Non<\/em><\/td><td><em>Laa<\/em><\/td><\/tr><tr><td><em>Bien<\/em><\/td><td><em>Tayib<\/em><\/td><\/tr><tr><td><em>Mal<\/em><\/td><td><em>Bas<\/em><\/td><\/tr><tr><td><em>Beaucoup<\/em><\/td><td><em>Bezaf<\/em><\/td><\/tr><tr><td><em>Rien<\/em><\/td><td><em>Walu<\/em><\/td><\/tr><tr><td><em>Bon ; D\u2019accord<\/em> <em>Comme si comme \u00e7\u00e0<\/em><\/td><td><em>Waja (affirmation et question)<\/em> <em>Nuss nuss<\/em><\/td><\/tr><\/tbody><\/table><\/figure>\n\n\n\n<p><em>R\u00e9f\u00e9rences spatiales<\/em><\/p>\n\n\n\n<figure class=\"wp-block-table\"><table><thead><tr><td><strong><em>Fran\u00e7ais<\/em><\/strong><\/td><td><strong><em>Arabe marocain<\/em><\/strong><\/td><\/tr><\/thead><tbody><tr><td><em>Gauche<\/em><\/td><td><em>Shimal<\/em><\/td><\/tr><tr><td><em>Droite<\/em><\/td><td><em>Iamin<\/em><\/td><\/tr><tr><td><em>En haut<\/em><\/td><td><em>Fuq<\/em><\/td><\/tr><tr><td><em>En bas<\/em><\/td><td><em>Taht<\/em><\/td><\/tr><tr><td><em>Pr\u00e8s<\/em><\/td><td><em>Qrib<\/em><\/td><\/tr><tr><td><em>Loin<\/em> <em>Combien ?<\/em><\/td><td><em>Ba&rsquo;iid<\/em> <em>Kam?<\/em><\/td><\/tr><\/tbody><\/table><\/figure>\n\n\n\n<p><em>R\u00e9f\u00e9rences temporelles<\/em><\/p>\n\n\n\n<figure class=\"wp-block-table\"><table><thead><tr><td><strong><em>Fran\u00e7ais<\/em><\/strong><\/td><td><strong><em>Arabe marocain<\/em><\/strong><\/td><\/tr><\/thead><tbody><tr><td><em>Hier<\/em><\/td><td><em>Elbareh<\/em><\/td><\/tr><tr><td><em>Aujourd\u2019hui<\/em><\/td><td><em>Elyaum<\/em><\/td><\/tr><tr><td><em>Demain<\/em><\/td><td><em>Gadda<\/em><\/td><\/tr><tr><td><em>Maintenant<\/em><\/td><td><em>Daba<\/em><\/td><\/tr><tr><td><em>Apr\u00e8s<\/em><\/td><td><em>Men baad<\/em><\/td><\/tr><tr><td><em>Cet apr\u00e8s-midi<\/em><\/td><td><em>Had il-masa<\/em><\/td><\/tr><tr><td><em>Ce soir<\/em><\/td><td><em>Had il-lil<\/em><\/td><\/tr><\/tbody><\/table><\/figure>\n\n\n\n<p><em>Repas et boissons<\/em><\/p>\n\n\n\n<figure class=\"wp-block-table\"><table><thead><tr><td><strong><em>Fran\u00e7ais<\/em><\/strong><\/td><td><strong><em>Arabe marocain<\/em><\/strong><\/td><\/tr><\/thead><tbody><tr><td><em>Petit d\u00e9jeuner<\/em><\/td><td><em>Ftur<\/em><\/td><\/tr><tr><td><em>D\u00e9jeuner<\/em><\/td><td><em>Gued\u00e1<\/em><\/td><\/tr><tr><td><em>D\u00eener<\/em><\/td><td><em>Asha<\/em><\/td><\/tr><tr><td><em>Eau<\/em><\/td><td><em>Elma<\/em><\/td><\/tr><tr><td><em>Th\u00e9<\/em><\/td><td><em>Atei<\/em><\/td><\/tr><tr><td><em>Caf\u00e9<\/em><\/td><td><em>Cajua<\/em><\/td><\/tr><tr><td><em>Lait<\/em><\/td><td><em>Jelib<\/em><\/td><\/tr><tr><td><em>Jus&nbsp;&nbsp;&nbsp;&nbsp;&nbsp;&nbsp;&nbsp;&nbsp;&nbsp;&nbsp;&nbsp;&nbsp;&nbsp;&nbsp;&nbsp;&nbsp;&nbsp;&nbsp;&nbsp;&nbsp;&nbsp;&nbsp;&nbsp;&nbsp;&nbsp;&nbsp;&nbsp;&nbsp;&nbsp;&nbsp;&nbsp;&nbsp;&nbsp;&nbsp;&nbsp;&nbsp;&nbsp;&nbsp;&nbsp;&nbsp;&nbsp;&nbsp;&nbsp;&nbsp;&nbsp;&nbsp;&nbsp;&nbsp;&nbsp;&nbsp;&nbsp;&nbsp;&nbsp;&nbsp;&nbsp;&nbsp;&nbsp;&nbsp;&nbsp;&nbsp;&nbsp;&nbsp;&nbsp;&nbsp;&nbsp;&nbsp;&nbsp;&nbsp;&nbsp;&nbsp;&nbsp;&nbsp;&nbsp;&nbsp;&nbsp;&nbsp;&nbsp;&nbsp;&nbsp;&nbsp;&nbsp;&nbsp;&nbsp;&nbsp;&nbsp;&nbsp;&nbsp;&nbsp;&nbsp;&nbsp;&nbsp;&nbsp;&nbsp;&nbsp;&nbsp;&nbsp;&nbsp;&nbsp;&nbsp;&nbsp;&nbsp;&nbsp;&nbsp;&nbsp;&nbsp;&nbsp;&nbsp;&nbsp;&nbsp;&nbsp;&nbsp;&nbsp;&nbsp;&nbsp;&nbsp;&nbsp;&nbsp;&nbsp;&nbsp;&nbsp;&nbsp;&nbsp;&nbsp;&nbsp;&nbsp;<\/em> <em>Caf\u00e9 au lait avec du sucre<\/em> <em>Sant\u00e9&nbsp;!<\/em><\/td><td><em>Asir<\/em> <em>Al cajua be jelib we sukar<\/em> <em>Bsaa<\/em><\/td><\/tr><\/tbody><\/table><\/figure>\n\n\n\n<p><em>Lieux<\/em><\/p>\n\n\n\n<figure class=\"wp-block-table\"><table><thead><tr><td><strong><em>Fran\u00e7ais<\/em><\/strong><\/td><td><strong><em>Arabe marocain<\/em><\/strong><\/td><\/tr><\/thead><tbody><tr><td><em>Rue<\/em><\/td><td><em>Zanqa<\/em><\/td><\/tr><tr><td><em>Place<\/em><\/td><td><em>Plasa \/ midan<\/em><\/td><\/tr><tr><td><em>Maison<\/em><\/td><td><em>Dar<\/em><\/td><\/tr><tr><td><em>Magasin<\/em><\/td><td><em>Hanut<\/em><\/td><\/tr><tr><td><em>Souk<\/em><\/td><td><em>Suq<\/em><\/td><\/tr><tr><td><em>Mosqu\u00e9e<\/em><\/td><td><em>Masyid<\/em><\/td><\/tr><tr><td><em>H\u00f4tel<\/em><\/td><td><em>Funduq<\/em><\/td><\/tr><\/tbody><\/table><\/figure>\n\n\n\n<p><em>Num\u00e9ros<\/em><\/p>\n\n\n\n<figure class=\"wp-block-table\"><table><thead><tr><td><strong><em>Fran\u00e7ais<\/em><\/strong><\/td><td><strong><em>Arabe marocain<\/em><\/strong><\/td><\/tr><\/thead><tbody><tr><td><em>Un<\/em><\/td><td><em>Wahid<\/em><\/td><\/tr><tr><td><em>Deux<\/em><\/td><td><em>Yuy<\/em><\/td><\/tr><tr><td><em>Trois<\/em><\/td><td><em>Talata<\/em><\/td><\/tr><tr><td><em>Quatre<\/em><\/td><td><em>Arbaa<\/em><\/td><\/tr><tr><td><em>Cinq<\/em><\/td><td><em>Jamsa<\/em><\/td><\/tr><tr><td><em>Six<\/em><\/td><td><em>Sita<\/em><\/td><\/tr><tr><td><em>Sept<\/em><\/td><td><em>Sabaa<\/em><\/td><\/tr><tr><td><em>Huit<\/em><\/td><td><em>Tamania<\/em><\/td><\/tr><tr><td><em>Neuf<\/em><\/td><td><em>Tisaa<\/em><\/td><\/tr><\/tbody><\/table><\/figure>\n","protected":false},"excerpt":{"rendered":"<p>Nous annoncions depuis longtemps d\u00e9j\u00e0 que nous allions incorporer des articles de nature touristique \u00e0 notre blog. Nous profitons du futur lancement de notre nouveau Web afin de d\u00e9dier ces quelques lignes \u00e0 Fez. Pourquoi Fez pour y f\u00eater le R\u00e9veillon ? Et pourquoi pas ? avions-nous pens\u00e9\u2026 quelle bonne id\u00e9e ! Nous avions d\u00e9cid\u00e9 [&hellip;]<\/p>\n","protected":false},"author":1,"featured_media":382,"comment_status":"open","ping_status":"open","sticky":false,"template":"","format":"standard","meta":{"footnotes":""},"categories":[4],"tags":[],"class_list":["post-359","post","type-post","status-publish","format-standard","has-post-thumbnail","hentry","category-entrada"],"yoast_head":"<!-- This site is optimized with the Yoast SEO plugin v24.9 - https:\/\/yoast.com\/wordpress\/plugins\/seo\/ -->\n<title>Fez la magique - Sol Marzellier Traductores - Le vrai sense<\/title>\n<meta name=\"robots\" content=\"index, follow, max-snippet:-1, max-image-preview:large, max-video-preview:-1\" \/>\n<link rel=\"canonical\" href=\"https:\/\/www.smtraductores.com\/fr-fr\/2021\/03\/15\/fez-la-magique\/\" \/>\n<meta property=\"og:locale\" content=\"fr_FR\" \/>\n<meta property=\"og:type\" content=\"article\" \/>\n<meta property=\"og:title\" content=\"Fez la magique - Sol Marzellier Traductores - Le vrai sense\" \/>\n<meta property=\"og:description\" content=\"Nous annoncions depuis longtemps d\u00e9j\u00e0 que nous allions incorporer des articles de nature touristique \u00e0 notre blog. Nous profitons du futur lancement de notre nouveau Web afin de d\u00e9dier ces quelques lignes \u00e0 Fez. Pourquoi Fez pour y f\u00eater le R\u00e9veillon ? Et pourquoi pas ? avions-nous pens\u00e9\u2026 quelle bonne id\u00e9e ! Nous avions d\u00e9cid\u00e9 [&hellip;]\" \/>\n<meta property=\"og:url\" content=\"https:\/\/www.smtraductores.com\/fr-fr\/2021\/03\/15\/fez-la-magique\/\" \/>\n<meta property=\"og:site_name\" content=\"Sol Marzellier Traductores - Le vrai sense\" \/>\n<meta property=\"article:published_time\" content=\"2021-03-15T07:27:09+00:00\" \/>\n<meta property=\"article:modified_time\" content=\"2021-03-21T13:16:28+00:00\" \/>\n<meta property=\"og:image\" content=\"https:\/\/web.smtraductores.com\/wp-content\/uploads\/sites\/3\/2021\/03\/21131625\/the-magic-of-fez.png\" \/>\n\t<meta property=\"og:image:width\" content=\"566\" \/>\n\t<meta property=\"og:image:height\" content=\"375\" \/>\n\t<meta property=\"og:image:type\" content=\"image\/png\" \/>\n<meta name=\"author\" content=\"Eduardo\" \/>\n<meta name=\"twitter:card\" content=\"summary_large_image\" \/>\n<meta name=\"twitter:label1\" content=\"\u00c9crit par\" \/>\n\t<meta name=\"twitter:data1\" content=\"Eduardo\" \/>\n\t<meta name=\"twitter:label2\" content=\"Dur\u00e9e de lecture estim\u00e9e\" \/>\n\t<meta name=\"twitter:data2\" content=\"4 minutes\" \/>\n<script type=\"application\/ld+json\" class=\"yoast-schema-graph\">{\"@context\":\"https:\/\/schema.org\",\"@graph\":[{\"@type\":\"WebPage\",\"@id\":\"https:\/\/www.smtraductores.com\/fr-fr\/2021\/03\/15\/fez-la-magique\/\",\"url\":\"https:\/\/www.smtraductores.com\/fr-fr\/2021\/03\/15\/fez-la-magique\/\",\"name\":\"Fez la magique - Sol Marzellier Traductores - Le vrai sense\",\"isPartOf\":{\"@id\":\"https:\/\/www.smtraductores.com\/fr-fr\/#website\"},\"primaryImageOfPage\":{\"@id\":\"https:\/\/www.smtraductores.com\/fr-fr\/2021\/03\/15\/fez-la-magique\/#primaryimage\"},\"image\":{\"@id\":\"https:\/\/www.smtraductores.com\/fr-fr\/2021\/03\/15\/fez-la-magique\/#primaryimage\"},\"thumbnailUrl\":\"https:\/\/web.smtraductores.com\/wp-content\/uploads\/sites\/3\/2021\/03\/21131625\/the-magic-of-fez.png\",\"datePublished\":\"2021-03-15T07:27:09+00:00\",\"dateModified\":\"2021-03-21T13:16:28+00:00\",\"author\":{\"@id\":\"https:\/\/www.smtraductores.com\/fr-fr\/#\/schema\/person\/e51f018ebf5bbcd731e07ad3c2125910\"},\"breadcrumb\":{\"@id\":\"https:\/\/www.smtraductores.com\/fr-fr\/2021\/03\/15\/fez-la-magique\/#breadcrumb\"},\"inLanguage\":\"fr-FR\",\"potentialAction\":[{\"@type\":\"ReadAction\",\"target\":[\"https:\/\/www.smtraductores.com\/fr-fr\/2021\/03\/15\/fez-la-magique\/\"]}]},{\"@type\":\"ImageObject\",\"inLanguage\":\"fr-FR\",\"@id\":\"https:\/\/www.smtraductores.com\/fr-fr\/2021\/03\/15\/fez-la-magique\/#primaryimage\",\"url\":\"https:\/\/web.smtraductores.com\/wp-content\/uploads\/sites\/3\/2021\/03\/21131625\/the-magic-of-fez.png\",\"contentUrl\":\"https:\/\/web.smtraductores.com\/wp-content\/uploads\/sites\/3\/2021\/03\/21131625\/the-magic-of-fez.png\",\"width\":566,\"height\":375},{\"@type\":\"BreadcrumbList\",\"@id\":\"https:\/\/www.smtraductores.com\/fr-fr\/2021\/03\/15\/fez-la-magique\/#breadcrumb\",\"itemListElement\":[{\"@type\":\"ListItem\",\"position\":1,\"name\":\"Portada\",\"item\":\"https:\/\/www.smtraductores.com\/fr-fr\/\"},{\"@type\":\"ListItem\",\"position\":2,\"name\":\"Fez la magique\"}]},{\"@type\":\"WebSite\",\"@id\":\"https:\/\/www.smtraductores.com\/fr-fr\/#website\",\"url\":\"https:\/\/www.smtraductores.com\/fr-fr\/\",\"name\":\"Sol Marzellier Traductores - Le vrai sense\",\"description\":\"Otro sitio m\u00e1s de Sol Marzellier Traductores sitios\",\"potentialAction\":[{\"@type\":\"SearchAction\",\"target\":{\"@type\":\"EntryPoint\",\"urlTemplate\":\"https:\/\/www.smtraductores.com\/fr-fr\/?s={search_term_string}\"},\"query-input\":{\"@type\":\"PropertyValueSpecification\",\"valueRequired\":true,\"valueName\":\"search_term_string\"}}],\"inLanguage\":\"fr-FR\"},{\"@type\":\"Person\",\"@id\":\"https:\/\/www.smtraductores.com\/fr-fr\/#\/schema\/person\/e51f018ebf5bbcd731e07ad3c2125910\",\"name\":\"Eduardo\",\"image\":{\"@type\":\"ImageObject\",\"inLanguage\":\"fr-FR\",\"@id\":\"https:\/\/www.smtraductores.com\/fr-fr\/#\/schema\/person\/image\/\",\"url\":\"https:\/\/secure.gravatar.com\/avatar\/4af13958b4486b961196e565b8bb5b39c0c6cfb27c84bebb72896165f560cf6d?s=96&d=mm&r=g\",\"contentUrl\":\"https:\/\/secure.gravatar.com\/avatar\/4af13958b4486b961196e565b8bb5b39c0c6cfb27c84bebb72896165f560cf6d?s=96&d=mm&r=g\",\"caption\":\"Eduardo\"},\"description\":\"Lorem ipsum dolor sit amet, consectetur adipiscing elit. Cras aliquet pretium volutpat. Quisque quis diam tincidunt, rutrum ante a, volutpat odio. Vivamus tempus nisl sed aliquet dignissim.\",\"sameAs\":[\"https:\/\/www.smtraductores.com\"],\"url\":\"https:\/\/www.smtraductores.com\/fr-fr\/author\/eduardo\/\"}]}<\/script>\n<!-- \/ Yoast SEO plugin. -->","yoast_head_json":{"title":"Fez la magique - Sol Marzellier Traductores - Le vrai sense","robots":{"index":"index","follow":"follow","max-snippet":"max-snippet:-1","max-image-preview":"max-image-preview:large","max-video-preview":"max-video-preview:-1"},"canonical":"https:\/\/www.smtraductores.com\/fr-fr\/2021\/03\/15\/fez-la-magique\/","og_locale":"fr_FR","og_type":"article","og_title":"Fez la magique - Sol Marzellier Traductores - Le vrai sense","og_description":"Nous annoncions depuis longtemps d\u00e9j\u00e0 que nous allions incorporer des articles de nature touristique \u00e0 notre blog. Nous profitons du futur lancement de notre nouveau Web afin de d\u00e9dier ces quelques lignes \u00e0 Fez. Pourquoi Fez pour y f\u00eater le R\u00e9veillon ? Et pourquoi pas ? avions-nous pens\u00e9\u2026 quelle bonne id\u00e9e ! Nous avions d\u00e9cid\u00e9 [&hellip;]","og_url":"https:\/\/www.smtraductores.com\/fr-fr\/2021\/03\/15\/fez-la-magique\/","og_site_name":"Sol Marzellier Traductores - Le vrai sense","article_published_time":"2021-03-15T07:27:09+00:00","article_modified_time":"2021-03-21T13:16:28+00:00","og_image":[{"width":566,"height":375,"url":"https:\/\/web.smtraductores.com\/wp-content\/uploads\/sites\/3\/2021\/03\/21131625\/the-magic-of-fez.png","type":"image\/png"}],"author":"Eduardo","twitter_card":"summary_large_image","twitter_misc":{"\u00c9crit par":"Eduardo","Dur\u00e9e de lecture estim\u00e9e":"4 minutes"},"schema":{"@context":"https:\/\/schema.org","@graph":[{"@type":"WebPage","@id":"https:\/\/www.smtraductores.com\/fr-fr\/2021\/03\/15\/fez-la-magique\/","url":"https:\/\/www.smtraductores.com\/fr-fr\/2021\/03\/15\/fez-la-magique\/","name":"Fez la magique - Sol Marzellier Traductores - Le vrai sense","isPartOf":{"@id":"https:\/\/www.smtraductores.com\/fr-fr\/#website"},"primaryImageOfPage":{"@id":"https:\/\/www.smtraductores.com\/fr-fr\/2021\/03\/15\/fez-la-magique\/#primaryimage"},"image":{"@id":"https:\/\/www.smtraductores.com\/fr-fr\/2021\/03\/15\/fez-la-magique\/#primaryimage"},"thumbnailUrl":"https:\/\/web.smtraductores.com\/wp-content\/uploads\/sites\/3\/2021\/03\/21131625\/the-magic-of-fez.png","datePublished":"2021-03-15T07:27:09+00:00","dateModified":"2021-03-21T13:16:28+00:00","author":{"@id":"https:\/\/www.smtraductores.com\/fr-fr\/#\/schema\/person\/e51f018ebf5bbcd731e07ad3c2125910"},"breadcrumb":{"@id":"https:\/\/www.smtraductores.com\/fr-fr\/2021\/03\/15\/fez-la-magique\/#breadcrumb"},"inLanguage":"fr-FR","potentialAction":[{"@type":"ReadAction","target":["https:\/\/www.smtraductores.com\/fr-fr\/2021\/03\/15\/fez-la-magique\/"]}]},{"@type":"ImageObject","inLanguage":"fr-FR","@id":"https:\/\/www.smtraductores.com\/fr-fr\/2021\/03\/15\/fez-la-magique\/#primaryimage","url":"https:\/\/web.smtraductores.com\/wp-content\/uploads\/sites\/3\/2021\/03\/21131625\/the-magic-of-fez.png","contentUrl":"https:\/\/web.smtraductores.com\/wp-content\/uploads\/sites\/3\/2021\/03\/21131625\/the-magic-of-fez.png","width":566,"height":375},{"@type":"BreadcrumbList","@id":"https:\/\/www.smtraductores.com\/fr-fr\/2021\/03\/15\/fez-la-magique\/#breadcrumb","itemListElement":[{"@type":"ListItem","position":1,"name":"Portada","item":"https:\/\/www.smtraductores.com\/fr-fr\/"},{"@type":"ListItem","position":2,"name":"Fez la magique"}]},{"@type":"WebSite","@id":"https:\/\/www.smtraductores.com\/fr-fr\/#website","url":"https:\/\/www.smtraductores.com\/fr-fr\/","name":"Sol Marzellier Traductores - Le vrai sense","description":"Otro sitio m\u00e1s de Sol Marzellier Traductores sitios","potentialAction":[{"@type":"SearchAction","target":{"@type":"EntryPoint","urlTemplate":"https:\/\/www.smtraductores.com\/fr-fr\/?s={search_term_string}"},"query-input":{"@type":"PropertyValueSpecification","valueRequired":true,"valueName":"search_term_string"}}],"inLanguage":"fr-FR"},{"@type":"Person","@id":"https:\/\/www.smtraductores.com\/fr-fr\/#\/schema\/person\/e51f018ebf5bbcd731e07ad3c2125910","name":"Eduardo","image":{"@type":"ImageObject","inLanguage":"fr-FR","@id":"https:\/\/www.smtraductores.com\/fr-fr\/#\/schema\/person\/image\/","url":"https:\/\/secure.gravatar.com\/avatar\/4af13958b4486b961196e565b8bb5b39c0c6cfb27c84bebb72896165f560cf6d?s=96&d=mm&r=g","contentUrl":"https:\/\/secure.gravatar.com\/avatar\/4af13958b4486b961196e565b8bb5b39c0c6cfb27c84bebb72896165f560cf6d?s=96&d=mm&r=g","caption":"Eduardo"},"description":"Lorem ipsum dolor sit amet, consectetur adipiscing elit. Cras aliquet pretium volutpat. Quisque quis diam tincidunt, rutrum ante a, volutpat odio. Vivamus tempus nisl sed aliquet dignissim.","sameAs":["https:\/\/www.smtraductores.com"],"url":"https:\/\/www.smtraductores.com\/fr-fr\/author\/eduardo\/"}]}},"_links":{"self":[{"href":"https:\/\/www.smtraductores.com\/fr-fr\/wp-json\/wp\/v2\/posts\/359","targetHints":{"allow":["GET"]}}],"collection":[{"href":"https:\/\/www.smtraductores.com\/fr-fr\/wp-json\/wp\/v2\/posts"}],"about":[{"href":"https:\/\/www.smtraductores.com\/fr-fr\/wp-json\/wp\/v2\/types\/post"}],"author":[{"embeddable":true,"href":"https:\/\/www.smtraductores.com\/fr-fr\/wp-json\/wp\/v2\/users\/1"}],"replies":[{"embeddable":true,"href":"https:\/\/www.smtraductores.com\/fr-fr\/wp-json\/wp\/v2\/comments?post=359"}],"version-history":[{"count":2,"href":"https:\/\/www.smtraductores.com\/fr-fr\/wp-json\/wp\/v2\/posts\/359\/revisions"}],"predecessor-version":[{"id":363,"href":"https:\/\/www.smtraductores.com\/fr-fr\/wp-json\/wp\/v2\/posts\/359\/revisions\/363"}],"wp:featuredmedia":[{"embeddable":true,"href":"https:\/\/www.smtraductores.com\/fr-fr\/wp-json\/wp\/v2\/media\/382"}],"wp:attachment":[{"href":"https:\/\/www.smtraductores.com\/fr-fr\/wp-json\/wp\/v2\/media?parent=359"}],"wp:term":[{"taxonomy":"category","embeddable":true,"href":"https:\/\/www.smtraductores.com\/fr-fr\/wp-json\/wp\/v2\/categories?post=359"},{"taxonomy":"post_tag","embeddable":true,"href":"https:\/\/www.smtraductores.com\/fr-fr\/wp-json\/wp\/v2\/tags?post=359"}],"curies":[{"name":"wp","href":"https:\/\/api.w.org\/{rel}","templated":true}]}}